{"id":19122,"date":"2024-12-19T02:27:28","date_gmt":"2024-12-19T02:27:28","guid":{"rendered":"blog.edibon.com?p=19122"},"modified":"2024-12-19T02:28:14","modified_gmt":"2024-12-19T02:28:14","slug":"dos-nuevas-unidades-en-el-centro-de-formacion-profesional-para-el-empleo-en-madrid","status":"publish","type":"post","link":"https:\/\/blog.edibon.com\/es\/dos-nuevas-unidades-en-el-centro-de-formacion-profesional-para-el-empleo-en-madrid\/","title":{"rendered":"Dos nuevas unidades en el Centro de Formaci\u00f3n Profesional para el Empleo en Madrid."},"content":{"rendered":"\t\t<div data-elementor-type=\"wp-post\" data-elementor-id=\"19122\" class=\"elementor elementor-19122\" data-elementor-post-type=\"post\">\r\n\t\t\t\t\t\t<section class=\"elementor-section elementor-top-section elementor-element elementor-element-dac2c5e elementor-section-boxed elementor-section-height-default elementor-section-height-default\" data-id=\"dac2c5e\" data-element_type=\"section\">\r\n\t\t\t\t\t\t<div class=\"elementor-container elementor-column-gap-default\">\r\n\t\t\t\t\t<div class=\"elementor-column elementor-col-100 elementor-top-column elementor-element elementor-element-99b00e0\" data-id=\"99b00e0\" data-element_type=\"column\">\r\n\t\t\t<div class=\"elementor-widget-wrap elementor-element-populated\">\r\n\t\t\t\t\t\t<div class=\"elementor-element elementor-element-71d0bf3 elementor-widget elementor-widget-text-editor\" data-id=\"71d0bf3\" data-element_type=\"widget\" data-widget_type=\"text-editor.default\">\r\n\t\t\t\t<div class=\"elementor-widget-container\">\r\n\t\t\t\t\t\t\t\t\t<div class=\"elementor-section elementor-element elementor-element-lq33wqo elementor-top-section elementor-section-boxed elementor-section-height-default elementor-section-height-default\" data-element_type=\"section\"><div class=\"elementor-container elementor-column-gap-default\"><div class=\"elementor-row\"><div class=\"elementor-column elementor-element elementor-element-7jye8x8 elementor-col-100 elementor-top-column\" data-element_type=\"column\"><div class=\"elementor-column-wrap elementor-element-populated\"><div class=\"elementor-widget-wrap\"><div class=\"elementor-widget elementor-element elementor-element-oj2lta0 elementor-widget-heading\" data-element_type=\"heading\"><div class=\"elementor-widget-container\"><h2 class=\"elementor-heading-title elementor-size-default none\">EDIBON instala dos nuevos equipos en el Centro de Formaci\u00f3n Profesional para el Empleo en Tecnolog\u00edas de Refrigeraci\u00f3n y Aire Acondicionado en Madrid, Espa\u00f1a.<\/h2><\/div><\/div><\/div><\/div><\/div><\/div><\/div><\/div><div class=\"elementor-section elementor-element elementor-element-dz1o3ju elementor-top-section elementor-section-boxed elementor-section-height-default elementor-section-height-default\" data-element_type=\"section\"><div class=\"elementor-container elementor-column-gap-default\"><div class=\"elementor-row\"><div class=\"elementor-column elementor-element elementor-element-koyvozj elementor-col-100 elementor-top-column\" data-element_type=\"column\"><div class=\"elementor-column-wrap elementor-element-populated\"><div class=\"elementor-widget-wrap\"><div class=\"elementor-widget elementor-element elementor-element-bvcbsbm elementor-widget-text-editor\" data-element_type=\"text-editor\"><div class=\"elementor-widget-container\"><div class=\"elementor-text-editor rte-content\">En EDIBON, nos complace anunciar la instalaci\u00f3n de dos nuevos equipos en el Centro de Formaci\u00f3n Profesional para el Empleo en Tecnolog\u00edas de Refrigeraci\u00f3n y Aire Acondicionado en Madrid, Espa\u00f1a. Las unidades instaladas son las siguientes:<\/div><div class=\"elementor-text-editor rte-content\"><p>\u00a0<\/p><p>THIBAR22C:\u00a0Este equipo est\u00e1 dise\u00f1ado para introducir a los estudiantes en el estudio de las bombas de calor, el aire acondicionado y la refrigeraci\u00f3n. Permite analizar y determinar los par\u00e1metros operativos caracter\u00edsticos de la unidad bas\u00e1ndose en los dos tipos de fluidos utilizados en los procesos de evaporaci\u00f3n y condensaci\u00f3n (aire y agua).<\/p><p>TIR: Dise\u00f1ado por EDIBON, este equipo facilita la comprensi\u00f3n y gesti\u00f3n de un sistema de refrigeraci\u00f3n. Tambi\u00e9n ofrece una introducci\u00f3n b\u00e1sica a la refrigeraci\u00f3n a trav\u00e9s de pruebas pr\u00e1cticas claras y sencillas.<\/p><p>Estamos orgullosos de contribuir al desarrollo profesional de los estudiantes en el \u00e1mbito del aire acondicionado y la refrigeraci\u00f3n.<\/p><p>\u00a1Gracias al Centro de Formaci\u00f3n Profesional para el Empleo en Tecnolog\u00edas de Refrigeraci\u00f3n y Aire Acondicionado por su confianza en EDIBON!<\/p><\/div><\/div><\/div><\/div><\/div><\/div><\/div><\/div><\/div>\t\t\t\t\t\t\t\t<\/div>\r\n\t\t\t\t<\/div>\r\n\t\t\t\t<div class=\"elementor-element elementor-element-7c420e0 elementor-widget elementor-widget-image\" data-id=\"7c420e0\" data-element_type=\"widget\" data-widget_type=\"image.default\">\r\n\t\t\t\t<div class=\"elementor-widget-container\">\r\n\t\t\t\t\t\t\t\t\t\t\t\t\t\t\t<img fetchpriority=\"high\" decoding=\"async\" width=\"1024\" height=\"768\" src=\"https:\/\/blog.edibon.com\/wp-content\/uploads\/2024\/12\/THIBAR22CTIR-1024x768.jpg\" class=\"attachment-large size-large wp-image-19123\" alt=\"\" srcset=\"https:\/\/blog.edibon.com\/wp-content\/uploads\/2024\/12\/THIBAR22CTIR-1024x768.jpg 1024w, https:\/\/blog.edibon.com\/wp-content\/uploads\/2024\/12\/THIBAR22CTIR-300x225.jpg 300w, https:\/\/blog.edibon.com\/wp-content\/uploads\/2024\/12\/THIBAR22CTIR-768x576.jpg 768w, https:\/\/blog.edibon.com\/wp-content\/uploads\/2024\/12\/THIBAR22CTIR-1536x1152.jpg 1536w, https:\/\/blog.edibon.com\/wp-content\/uploads\/2024\/12\/THIBAR22CTIR-2048x1536.jpg 2048w\" sizes=\"(max-width: 1024px) 100vw, 1024px\" \/>\t\t\t\t\t\t\t\t\t\t\t\t\t\t\t<\/div>\r\n\t\t\t\t<\/div>\r\n\t\t\t\t\t<\/div>\r\n\t\t<\/div>\r\n\t\t\t\t\t<\/div>\r\n\t\t<\/section>\r\n\t\t\t\t<\/div>\r\n\t\t","protected":false},"excerpt":{"rendered":"<p>EDIBON instala dos nuevos equipos en el Centro de Formaci\u00f3n Profesional para el Empleo en Tecnolog\u00edas de Refrigeraci\u00f3n y Aire Acondicionado en Madrid, Espa\u00f1a. En EDIBON, nos complace anunciar la instalaci\u00f3n de dos nuevos equipos en el Centro de Formaci\u00f3n Profesional para el Empleo en Tecnolog\u00edas de Refrigeraci\u00f3n y Aire Acondicionado en Madrid, Espa\u00f1a. Las &#8230; <a title=\"Dos nuevas unidades en el Centro de Formaci\u00f3n Profesional para el Empleo en Madrid.\" class=\"read-more\" href=\"https:\/\/blog.edibon.com\/es\/dos-nuevas-unidades-en-el-centro-de-formacion-profesional-para-el-empleo-en-madrid\/\" aria-label=\"Leer m\u00e1s sobre Dos nuevas unidades en el Centro de Formaci\u00f3n Profesional para el Empleo en Madrid.\">Leer m\u00e1s<\/a><\/p>\n","protected":false},"author":1,"featured_media":19123,"comment_status":"open","ping_status":"open","sticky":false,"template":"","format":"standard","meta":{"_acf_changed":false,"footnotes":""},"categories":[6],"tags":[],"class_list":["post-19122","post","type-post","status-publish","format-standard","has-post-thumbnail","hentry","category-instalaciones"],"acf":[],"_links":{"self":[{"href":"https:\/\/blog.edibon.com\/es\/wp-json\/wp\/v2\/posts\/19122","targetHints":{"allow":["GET"]}}],"collection":[{"href":"https:\/\/blog.edibon.com\/es\/wp-json\/wp\/v2\/posts"}],"about":[{"href":"https:\/\/blog.edibon.com\/es\/wp-json\/wp\/v2\/types\/post"}],"author":[{"embeddable":true,"href":"https:\/\/blog.edibon.com\/es\/wp-json\/wp\/v2\/users\/1"}],"replies":[{"embeddable":true,"href":"https:\/\/blog.edibon.com\/es\/wp-json\/wp\/v2\/comments?post=19122"}],"version-history":[{"count":0,"href":"https:\/\/blog.edibon.com\/es\/wp-json\/wp\/v2\/posts\/19122\/revisions"}],"wp:featuredmedia":[{"embeddable":true,"href":"https:\/\/blog.edibon.com\/es\/wp-json\/wp\/v2\/media\/19123"}],"wp:attachment":[{"href":"https:\/\/blog.edibon.com\/es\/wp-json\/wp\/v2\/media?parent=19122"}],"wp:term":[{"taxonomy":"category","embeddable":true,"href":"https:\/\/blog.edibon.com\/es\/wp-json\/wp\/v2\/categories?post=19122"},{"taxonomy":"post_tag","embeddable":true,"href":"https:\/\/blog.edibon.com\/es\/wp-json\/wp\/v2\/tags?post=19122"}],"curies":[{"name":"wp","href":"https:\/\/api.w.org\/{rel}","templated":true}]}}