{"id":33424,"date":"2024-12-19T02:27:28","date_gmt":"2024-12-19T02:27:28","guid":{"rendered":"blog.edibon.comtwo-new-equipment-at-the-vocational-training-center-for-employment-in-madrid\/"},"modified":"2025-01-30T09:09:03","modified_gmt":"2025-01-30T09:09:03","slug":"two-new-equipment-at-the-vocational-training-center-for-employment-in-madrid","status":"publish","type":"post","link":"https:\/\/blog.edibon.com\/fr\/two-new-equipment-at-the-vocational-training-center-for-employment-in-madrid\/","title":{"rendered":"Deux nouvelles unit\u00e9s au Centre de Formation Professionnelle pour l&rsquo;Emploi \u00e0 Madrid."},"content":{"rendered":"\t\t<div data-elementor-type=\"wp-post\" data-elementor-id=\"33424\" class=\"elementor elementor-33424 elementor-33394\" data-elementor-post-type=\"post\">\r\n\t\t\t\t\t\t<section class=\"elementor-section elementor-top-section elementor-element elementor-element-dac2c5e elementor-section-boxed elementor-section-height-default elementor-section-height-default\" data-id=\"dac2c5e\" data-element_type=\"section\">\r\n\t\t\t\t\t\t<div class=\"elementor-container elementor-column-gap-default\">\r\n\t\t\t\t\t<div class=\"elementor-column elementor-col-100 elementor-top-column elementor-element elementor-element-99b00e0\" data-id=\"99b00e0\" data-element_type=\"column\">\r\n\t\t\t<div class=\"elementor-widget-wrap elementor-element-populated\">\r\n\t\t\t\t\t\t<div class=\"elementor-element elementor-element-71d0bf3 elementor-widget elementor-widget-text-editor\" data-id=\"71d0bf3\" data-element_type=\"widget\" data-widget_type=\"text-editor.default\">\r\n\t\t\t\t<div class=\"elementor-widget-container\">\r\n\t\t\t\t\t\t\t\t\t<div class=\"elementor-section elementor-element elementor-element-lq33wqo elementor-top-section elementor-section-boxed elementor-section-height-default elementor-section-height-default\" data-element_type=\"section\">\n<div class=\"elementor-container elementor-column-gap-default\">\n<div class=\"elementor-row\">\n<div class=\"elementor-column elementor-element elementor-element-7jye8x8 elementor-col-100 elementor-top-column\" data-element_type=\"column\">\n<div class=\"elementor-column-wrap elementor-element-populated\">\n<div class=\"elementor-widget-wrap\">\n<div class=\"elementor-widget elementor-element elementor-element-oj2lta0 elementor-widget-heading\" data-element_type=\"heading\">\n<div class=\"elementor-widget-container\">\n<h2 class=\"elementor-heading-title elementor-size-default none\">EDIBON installe deux nouvelles unit\u00e9s au Centre de Formation Professionnelle pour l&rsquo;Emploi dans les Technologies de R\u00e9frig\u00e9ration et de Climatisation \u00e0 Madrid, Espagne.<\/h2>\n<\/div>\n<\/div>\n<\/div>\n<\/div>\n<\/div>\n<\/div>\n<\/div>\n<\/div>\n<div class=\"elementor-section elementor-element elementor-element-dz1o3ju elementor-top-section elementor-section-boxed elementor-section-height-default elementor-section-height-default\" data-element_type=\"section\">\n<div class=\"elementor-container elementor-column-gap-default\">\n<div class=\"elementor-row\">\n<div class=\"elementor-column elementor-element elementor-element-koyvozj elementor-col-100 elementor-top-column\" data-element_type=\"column\">\n<div class=\"elementor-column-wrap elementor-element-populated\">\n<div class=\"elementor-widget-wrap\">\n<div class=\"elementor-widget elementor-element elementor-element-bvcbsbm elementor-widget-text-editor\" data-element_type=\"text-editor\">\n<div class=\"elementor-widget-container\">\n<div class=\"elementor-text-editor rte-content\">Chez EDIBON, nous avons le plaisir d&rsquo;annoncer l&rsquo;installation de deux nouvelles unit\u00e9s au Centre de Formation Professionnelle pour l\u2019Emploi dans les Technologies de R\u00e9frig\u00e9ration et de Climatisation \u00e0 Madrid, Espagne. Les unit\u00e9s install\u00e9es sont les suivantes:  <\/div>\n<div class=\"elementor-text-editor rte-content\">\n<p>THIBAR22C : Cette unit\u00e9 est con\u00e7ue pour introduire les \u00e9tudiants \u00e0 l&rsquo;\u00e9tude des pompes \u00e0 chaleur, de la climatisation et de la r\u00e9frig\u00e9ration. Elle permet d&rsquo;analyser et de d\u00e9terminer les param\u00e8tres op\u00e9rationnels caract\u00e9ristiques de l&rsquo;unit\u00e9 en fonction des deux types de fluides utilis\u00e9s dans les processus d&rsquo;\u00e9vaporation et de condensation (air et eau).  <\/p>\n<p>TIR : Con\u00e7ue par EDIBON, cette unit\u00e9 facilite la compr\u00e9hension et la gestion d&rsquo;un syst\u00e8me de r\u00e9frig\u00e9ration. Elle offre \u00e9galement une introduction de base \u00e0 la r\u00e9frig\u00e9ration \u00e0 travers des essais pratiques clairs et simples.  <\/p>\n<p>Nous sommes fiers de contribuer au d\u00e9veloppement professionnel des \u00e9tudiants dans le domaine de la climatisation et de la r\u00e9frig\u00e9ration.<\/p>\n<p>Nous remercions le Centre de Formation Professionnelle pour l\u2019Emploi dans les Technologies de R\u00e9frig\u00e9ration et de Climatisation pour sa confiance en EDIBON!<\/p>\n<\/div>\n<\/div>\n<\/div>\n<\/div>\n<\/div>\n<\/div>\n<\/div>\n<\/div>\n<\/div>\n\t\t\t\t\t\t\t\t<\/div>\r\n\t\t\t\t<\/div>\r\n\t\t\t\t<div class=\"elementor-element elementor-element-7c420e0 elementor-widget elementor-widget-image\" data-id=\"7c420e0\" data-element_type=\"widget\" data-widget_type=\"image.default\">\r\n\t\t\t\t<div class=\"elementor-widget-container\">\r\n\t\t\t\t\t\t\t\t\t\t\t\t\t\t\t<img fetchpriority=\"high\" decoding=\"async\" width=\"1024\" height=\"768\" src=\"https:\/\/blog.edibon.com\/wp-content\/uploads\/2024\/12\/THIBAR22CTIR-1024x768.jpg\" class=\"attachment-large size-large wp-image-19126\" alt=\"\" srcset=\"https:\/\/blog.edibon.com\/wp-content\/uploads\/2024\/12\/THIBAR22CTIR-1024x768.jpg 1024w, https:\/\/blog.edibon.com\/wp-content\/uploads\/2024\/12\/THIBAR22CTIR-300x225.jpg 300w, https:\/\/blog.edibon.com\/wp-content\/uploads\/2024\/12\/THIBAR22CTIR-768x576.jpg 768w, https:\/\/blog.edibon.com\/wp-content\/uploads\/2024\/12\/THIBAR22CTIR-1536x1152.jpg 1536w, https:\/\/blog.edibon.com\/wp-content\/uploads\/2024\/12\/THIBAR22CTIR-2048x1536.jpg 2048w\" sizes=\"(max-width: 1024px) 100vw, 1024px\" \/>\t\t\t\t\t\t\t\t\t\t\t\t\t\t\t<\/div>\r\n\t\t\t\t<\/div>\r\n\t\t\t\t\t<\/div>\r\n\t\t<\/div>\r\n\t\t\t\t\t<\/div>\r\n\t\t<\/section>\r\n\t\t\t\t<\/div>\r\n\t\t","protected":false},"excerpt":{"rendered":"<p>EDIBON installe deux nouvelles unit\u00e9s au Centre de Formation Professionnelle pour l&rsquo;Emploi dans les Technologies de R\u00e9frig\u00e9ration et de Climatisation \u00e0 Madrid, Espagne. Chez EDIBON, nous avons le plaisir d&rsquo;annoncer l&rsquo;installation de deux nouvelles unit\u00e9s au Centre de Formation Professionnelle pour l\u2019Emploi dans les Technologies de R\u00e9frig\u00e9ration et de Climatisation \u00e0 Madrid, Espagne. Les unit\u00e9s &#8230; <a title=\"Deux nouvelles unit\u00e9s au Centre de Formation Professionnelle pour l&rsquo;Emploi \u00e0 Madrid.\" class=\"read-more\" href=\"https:\/\/blog.edibon.com\/fr\/two-new-equipment-at-the-vocational-training-center-for-employment-in-madrid\/\" aria-label=\"En savoir plus sur Deux nouvelles unit\u00e9s au Centre de Formation Professionnelle pour l&rsquo;Emploi \u00e0 Madrid.\">Lire la suite<\/a><\/p>\n","protected":false},"author":1,"featured_media":19126,"comment_status":"open","ping_status":"open","sticky":false,"template":"","format":"standard","meta":{"_acf_changed":false,"footnotes":""},"categories":[184],"tags":[],"class_list":["post-33424","post","type-post","status-publish","format-standard","has-post-thumbnail","hentry","category-installations-fr"],"acf":[],"_links":{"self":[{"href":"https:\/\/blog.edibon.com\/fr\/wp-json\/wp\/v2\/posts\/33424","targetHints":{"allow":["GET"]}}],"collection":[{"href":"https:\/\/blog.edibon.com\/fr\/wp-json\/wp\/v2\/posts"}],"about":[{"href":"https:\/\/blog.edibon.com\/fr\/wp-json\/wp\/v2\/types\/post"}],"author":[{"embeddable":true,"href":"https:\/\/blog.edibon.com\/fr\/wp-json\/wp\/v2\/users\/1"}],"replies":[{"embeddable":true,"href":"https:\/\/blog.edibon.com\/fr\/wp-json\/wp\/v2\/comments?post=33424"}],"version-history":[{"count":0,"href":"https:\/\/blog.edibon.com\/fr\/wp-json\/wp\/v2\/posts\/33424\/revisions"}],"wp:featuredmedia":[{"embeddable":true,"href":"https:\/\/blog.edibon.com\/fr\/wp-json\/wp\/v2\/media\/19126"}],"wp:attachment":[{"href":"https:\/\/blog.edibon.com\/fr\/wp-json\/wp\/v2\/media?parent=33424"}],"wp:term":[{"taxonomy":"category","embeddable":true,"href":"https:\/\/blog.edibon.com\/fr\/wp-json\/wp\/v2\/categories?post=33424"},{"taxonomy":"post_tag","embeddable":true,"href":"https:\/\/blog.edibon.com\/fr\/wp-json\/wp\/v2\/tags?post=33424"}],"curies":[{"name":"wp","href":"https:\/\/api.w.org\/{rel}","templated":true}]}}