{"id":35312,"date":"2025-03-06T10:54:28","date_gmt":"2025-03-06T10:54:28","guid":{"rendered":"https:\/\/blog.edibon.com\/?p=35312"},"modified":"2025-03-21T08:09:10","modified_gmt":"2025-03-21T08:09:10","slug":"reduire-lecart-entre-la-theorie-et-la-pratique-dans-lenseignement-technique","status":"publish","type":"post","link":"https:\/\/blog.edibon.com\/fr\/reduire-lecart-entre-la-theorie-et-la-pratique-dans-lenseignement-technique\/","title":{"rendered":"R\u00e9duire l&rsquo;\u00e9cart entre la th\u00e9orie et la pratique dans l&rsquo;enseignement technique"},"content":{"rendered":"\t\t<div data-elementor-type=\"wp-post\" data-elementor-id=\"35312\" class=\"elementor elementor-35312 elementor-35255\" data-elementor-post-type=\"post\">\r\n\t\t\t\t\t\t<section class=\"elementor-section elementor-top-section elementor-element elementor-element-bc3d505 elementor-section-boxed elementor-section-height-default elementor-section-height-default\" data-id=\"bc3d505\" data-element_type=\"section\">\r\n\t\t\t\t\t\t<div class=\"elementor-container elementor-column-gap-default\">\r\n\t\t\t\t\t<div class=\"elementor-column elementor-col-100 elementor-top-column elementor-element elementor-element-2cc6570\" data-id=\"2cc6570\" data-element_type=\"column\">\r\n\t\t\t<div class=\"elementor-widget-wrap elementor-element-populated\">\r\n\t\t\t\t\t\t<div class=\"elementor-element elementor-element-9b5696c elementor-widget elementor-widget-text-editor\" data-id=\"9b5696c\" data-element_type=\"widget\" data-widget_type=\"text-editor.default\">\r\n\t\t\t\t<div class=\"elementor-widget-container\">\r\n\t\t\t\t\t\t\t\t\t<p>Dans un monde technologique en constante \u00e9volution, l&rsquo;\u00e9ducation doit suivre le rythme des avanc\u00e9es rapides qui d\u00e9finissent notre \u00e9poque. L&rsquo;\u00e9mergence de l&rsquo;Industrie 5.0 a accru la demande de solutions \u00e9ducatives innovantes, en particulier dans les domaines techniques et pratiques. Des projets comme AMAZE sont \u00e0 l&rsquo;avant-garde de cette transformation, d\u00e9montrant comment les outils et technologies avanc\u00e9s peuvent rendre l&rsquo;\u00e9ducation plus pratique, engageante et align\u00e9e sur des applications r\u00e9elles.<\/p>\t\t\t\t\t\t\t\t<\/div>\r\n\t\t\t\t<\/div>\r\n\t\t\t\t<div class=\"elementor-element elementor-element-551a0f2 elementor-widget elementor-widget-heading\" data-id=\"551a0f2\" data-element_type=\"widget\" data-widget_type=\"heading.default\">\r\n\t\t\t\t<div class=\"elementor-widget-container\">\r\n\t\t\t\t\t<h2 class=\"elementor-heading-title elementor-size-default\">Faites connaissance avec la Dre B\u0103il\u0103 Diana-Irinel\n<\/h2>\t\t\t\t<\/div>\r\n\t\t\t\t<\/div>\r\n\t\t\t\t<div class=\"elementor-element elementor-element-160361a elementor-widget elementor-widget-text-editor\" data-id=\"160361a\" data-element_type=\"widget\" data-widget_type=\"text-editor.default\">\r\n\t\t\t\t<div class=\"elementor-widget-container\">\r\n\t\t\t\t\t\t\t\t\t<p>La <a href=\"https:\/\/gravatar.com\/fanwondrousb4c4bd688c\">Dre <strong>B\u0103il\u0103 Diana-Irinel<\/strong><\/a> est une chercheuse et acad\u00e9micienne renomm\u00e9e, dot\u00e9e d\u2019une vaste exp\u00e9rience en ing\u00e9nierie industrielle. En tant que professeure associ\u00e9e \u00e0 l&rsquo;Universit\u00e9 nationale des sciences et technologies Politehnica de Bucarest, elle a apport\u00e9 d&rsquo;importantes contributions dans les domaines de la fabrication additive, des mat\u00e9riaux biocompatibles et du d\u00e9veloppement durable.<\/p><p>Avec plus de 15 ans d&rsquo;exp\u00e9rience en enseignement et en recherche et titulaire du titre de Habil.Assoc.Prof.Dr.Eng. en ing\u00e9nierie industrielle, la Dre B\u0103il\u0103 est une pionni\u00e8re dans l&rsquo;int\u00e9gration des technologies de pointe dans l&rsquo;enseignement. Son leadership dans des projets comme AMAZE et sa participation active aux initiatives Erasmus+ soulignent son engagement envers la transformation de l&rsquo;enseignement technique. Elle a publi\u00e9 plus de 60 articles \u00e0 fort impact, \u00e9crit plusieurs ouvrages sur les technologies de fabrication et coordonn\u00e9 de nombreux projets de recherche internationaux. Son travail \u00e9tablit un lien entre le monde universitaire et l&rsquo;industrie, pr\u00e9parant ainsi la prochaine g\u00e9n\u00e9ration d&rsquo;ing\u00e9nieurs et d&rsquo;innovateurs.<\/p>\t\t\t\t\t\t\t\t<\/div>\r\n\t\t\t\t<\/div>\r\n\t\t\t\t<div class=\"elementor-element elementor-element-bd2e65b elementor-widget elementor-widget-image\" data-id=\"bd2e65b\" data-element_type=\"widget\" data-widget_type=\"image.default\">\r\n\t\t\t\t<div class=\"elementor-widget-container\">\r\n\t\t\t\t\t\t\t\t\t\t\t\t\t\t\t<img fetchpriority=\"high\" decoding=\"async\" width=\"1024\" height=\"771\" src=\"https:\/\/blog.edibon.com\/wp-content\/uploads\/2025\/03\/IMG_20240425_105640626-1024x771.jpg\" class=\"attachment-large size-large wp-image-35269\" alt=\"\" srcset=\"https:\/\/blog.edibon.com\/wp-content\/uploads\/2025\/03\/IMG_20240425_105640626-1024x771.jpg 1024w, https:\/\/blog.edibon.com\/wp-content\/uploads\/2025\/03\/IMG_20240425_105640626-300x226.jpg 300w, https:\/\/blog.edibon.com\/wp-content\/uploads\/2025\/03\/IMG_20240425_105640626-768x579.jpg 768w, https:\/\/blog.edibon.com\/wp-content\/uploads\/2025\/03\/IMG_20240425_105640626-1536x1157.jpg 1536w, https:\/\/blog.edibon.com\/wp-content\/uploads\/2025\/03\/IMG_20240425_105640626-2048x1543.jpg 2048w\" sizes=\"(max-width: 1024px) 100vw, 1024px\" \/>\t\t\t\t\t\t\t\t\t\t\t\t\t\t\t<\/div>\r\n\t\t\t\t<\/div>\r\n\t\t\t\t<div class=\"elementor-element elementor-element-4ccfa2f elementor-widget elementor-widget-heading\" data-id=\"4ccfa2f\" data-element_type=\"widget\" data-widget_type=\"heading.default\">\r\n\t\t\t\t<div class=\"elementor-widget-container\">\r\n\t\t\t\t\t<h2 class=\"elementor-heading-title elementor-size-default\">Perspectives d'une professeure : Entretien exclusif<\/h2>\t\t\t\t<\/div>\r\n\t\t\t\t<\/div>\r\n\t\t\t\t<div class=\"elementor-element elementor-element-1e62ca8 elementor-widget elementor-widget-text-editor\" data-id=\"1e62ca8\" data-element_type=\"widget\" data-widget_type=\"text-editor.default\">\r\n\t\t\t\t<div class=\"elementor-widget-container\">\r\n\t\t\t\t\t\t\t\t\t<p>Pour approfondir les d\u00e9fis et les innovations dans l&rsquo;enseignement technique, nous avons \u00e9chang\u00e9 avec la <strong>Dre B\u0103il\u0103 Diana-Irinel<\/strong>, qui joue un r\u00f4le cl\u00e9 dans le projet AMAZE. Son expertise et sa vision prospective \u00e9clairent la voie vers une \u00e9ducation moderne.<\/p>\t\t\t\t\t\t\t\t<\/div>\r\n\t\t\t\t<\/div>\r\n\t\t\t\t<div class=\"elementor-element elementor-element-6325297 elementor-widget elementor-widget-heading\" data-id=\"6325297\" data-element_type=\"widget\" data-widget_type=\"heading.default\">\r\n\t\t\t\t<div class=\"elementor-widget-container\">\r\n\t\t\t\t\t<h2 class=\"elementor-heading-title elementor-size-default\">Q : Quels sont les principaux d\u00e9fis auxquels sont confront\u00e9s les enseignants lorsqu'ils enseignent des concepts techniques et pratiques en classe ?\n<\/h2>\t\t\t\t<\/div>\r\n\t\t\t\t<\/div>\r\n\t\t\t\t<div class=\"elementor-element elementor-element-e461889 elementor-widget elementor-widget-text-editor\" data-id=\"e461889\" data-element_type=\"widget\" data-widget_type=\"text-editor.default\">\r\n\t\t\t\t<div class=\"elementor-widget-container\">\r\n\t\t\t\t\t\t\t\t\t<p><b>Dr. B\u0103il\u0103<\/b><b><i>: <\/i><\/b><i><\/i><em>L&rsquo;un des plus grands d\u00e9fis de l&rsquo;enseignement des cours techniques est de combler l&rsquo;\u00e9cart entre la th\u00e9orie et la pratique, en particulier lorsqu&rsquo;il s&rsquo;agit de concepts d&rsquo;ing\u00e9nierie complexes. Les \u00e9tudiants sont souvent confront\u00e9s \u00e0 de nombreuses formules et th\u00e9ories qui peuvent sembler abstraites sans application pratique imm\u00e9diate. Des solutions telles que l&rsquo;utilisation d&rsquo;\u00e9quipements combin\u00e9s \u00e0 la r\u00e9alit\u00e9 augment\u00e9e (AR) permettent la visualisation en temps r\u00e9el de ph\u00e9nom\u00e8nes complexes et une meilleure compr\u00e9hension de l&rsquo;application des formules dans des sc\u00e9narios concrets.<\/em><\/p><p>\u00a0<\/p>\t\t\t\t\t\t\t\t<\/div>\r\n\t\t\t\t<\/div>\r\n\t\t\t\t<div class=\"elementor-element elementor-element-1de54a8 elementor-widget elementor-widget-heading\" data-id=\"1de54a8\" data-element_type=\"widget\" data-widget_type=\"heading.default\">\r\n\t\t\t\t<div class=\"elementor-widget-container\">\r\n\t\t\t\t\t<h2 class=\"elementor-heading-title elementor-size-default\">Q : Pensez-vous que l'int\u00e9gration de la r\u00e9alit\u00e9 augment\u00e9e (AR) \u00e0 ce type d'\u00e9quipement puisse aider \u00e0 r\u00e9duire l'\u00e9cart entre th\u00e9orie et pratique ? Quelles am\u00e9liorations pourraient \u00eatre apport\u00e9es \u00e0 l'enseignement du design industriel ?<\/h2>\t\t\t\t<\/div>\r\n\t\t\t\t<\/div>\r\n\t\t\t\t<div class=\"elementor-element elementor-element-8d70bf4 elementor-widget elementor-widget-text-editor\" data-id=\"8d70bf4\" data-element_type=\"widget\" data-widget_type=\"text-editor.default\">\r\n\t\t\t\t<div class=\"elementor-widget-container\">\r\n\t\t\t\t\t\t\t\t\t<p><strong>Dre B\u0103il\u0103 :<\/strong> <em>Absolument. Par exemple, dans le projet AMAZE, d\u00e9velopp\u00e9 en collaboration avec EDIBON, la combinaison de plateformes de r\u00e9alit\u00e9 augment\u00e9e avec des imprimantes 3D et des \u00e9quipements techniques a permis aux \u00e9tudiants de concevoir de nouvelles pi\u00e8ces \u00e0 l&rsquo;aide de logiciels CAD\/CAM\/CAE, de simuler visuellement et de mani\u00e8re interactive le processus de fabrication, d\u2019\u00e9valuer la performance des \u00e9quipements, de tester de nouveaux prototypes et d\u2019analyser des syst\u00e8mes m\u00e9caniques. Cela leur offre une compr\u00e9hension approfondie de mani\u00e8re attrayante et tr\u00e8s p\u00e9dagogique.<\/em><\/p><p><em>Par exemple, gr\u00e2ce \u00e0 l\u2019AR, les \u00e9tudiants ont pu explorer la conception interne d\u2019une pi\u00e8ce m\u00e9canique, comprendre comment diff\u00e9rentes forces agissent sur elle et m\u00eame effectuer des ajustements en temps r\u00e9el pour optimiser ses performances. Cela transforme l&rsquo;\u00e9ducation en permettant aux \u00e9tudiants non seulement d&rsquo;apprendre des formules, mais aussi de voir leur application pratique, acqu\u00e9rant ainsi des connaissances de mani\u00e8re hautement interactive et efficace.<\/em><\/p>\t\t\t\t\t\t\t\t<\/div>\r\n\t\t\t\t<\/div>\r\n\t\t\t\t<div class=\"elementor-element elementor-element-db905e6 elementor-widget elementor-widget-heading\" data-id=\"db905e6\" data-element_type=\"widget\" data-widget_type=\"heading.default\">\r\n\t\t\t\t<div class=\"elementor-widget-container\">\r\n\t\t\t\t\t<h2 class=\"elementor-heading-title elementor-size-default\">\nP: Quelles comp\u00e9tences sp\u00e9cifiques les \u00e9tudiants d\u00e9veloppent-ils gr\u00e2ce \u00e0 une formation technique et pratique continue et de haute qualit\u00e9 ?<\/h2>\t\t\t\t<\/div>\r\n\t\t\t\t<\/div>\r\n\t\t\t\t<div class=\"elementor-element elementor-element-69e9a5a elementor-widget elementor-widget-text-editor\" data-id=\"69e9a5a\" data-element_type=\"widget\" data-widget_type=\"text-editor.default\">\r\n\t\t\t\t<div class=\"elementor-widget-container\">\r\n\t\t\t\t\t\t\t\t\t<p><strong>Dre B\u0103il\u0103 :<\/strong> <em>Gr\u00e2ce \u00e0 l&rsquo;utilisation de la r\u00e9alit\u00e9 augment\u00e9e et des \u00e9quipements techniques, les \u00e9tudiants acqui\u00e8rent des comp\u00e9tences pratiques essentielles qui compl\u00e8tent leur apprentissage th\u00e9orique. \u00c0 travers une exp\u00e9rience r\u00e9elle, nous avons observ\u00e9 que les \u00e9tudiants ont pu :<\/em><\/p><ul><li><em>Cr\u00e9er des conceptions efficaces et comprendre en profondeur le fonctionnement interne des machines.<\/em><\/li><li><em>Simuler et analyser des syst\u00e8mes m\u00e9caniques en d\u00e9tail, am\u00e9liorant ainsi leur capacit\u00e9 \u00e0 \u00e9valuer diff\u00e9rents sc\u00e9narios et d\u00e9veloppant leurs comp\u00e9tences analytiques et de r\u00e9solution de probl\u00e8mes.<\/em><\/li><li><em>Am\u00e9liorer la prise de d\u00e9cision en r\u00e9alisant des tests, en basant leurs choix sur une analyse pr\u00e9cise des donn\u00e9es et en \u00e9valuant des solutions dans des environnements virtuels avant de les appliquer \u00e0 des situations r\u00e9elles.<\/em><\/li><\/ul><p><em>Cette approche renforce la compr\u00e9hension de l&rsquo;application des formules th\u00e9oriques dans des contextes r\u00e9els, une comp\u00e9tence cl\u00e9 pour l\u2019avenir des ing\u00e9nieurs.<\/em><\/p>\t\t\t\t\t\t\t\t<\/div>\r\n\t\t\t\t<\/div>\r\n\t\t\t\t<div class=\"elementor-element elementor-element-3330260 elementor-widget elementor-widget-heading\" data-id=\"3330260\" data-element_type=\"widget\" data-widget_type=\"heading.default\">\r\n\t\t\t\t<div class=\"elementor-widget-container\">\r\n\t\t\t\t\t<h2 class=\"elementor-heading-title elementor-size-default\">P: \u00bfComment pensez-vous que des projets comme AMAZE transforment l'enseignement technique ?<\/h2>\t\t\t\t<\/div>\r\n\t\t\t\t<\/div>\r\n\t\t\t\t<div class=\"elementor-element elementor-element-ee17261 elementor-widget elementor-widget-text-editor\" data-id=\"ee17261\" data-element_type=\"widget\" data-widget_type=\"text-editor.default\">\r\n\t\t\t\t<div class=\"elementor-widget-container\">\r\n\t\t\t\t\t\t\t\t\t<p><strong>Dre B\u0103il\u0103 :<\/strong> <em>Les projets comme AMAZE transforment l&rsquo;enseignement technique en introduisant des technologies avanc\u00e9es qui relient directement la th\u00e9orie \u00e0 la pratique. Par exemple, en m\u00e9canique, les plateformes AR permettent aux \u00e9tudiants de simuler le comportement des composants m\u00e9caniques dans diff\u00e9rentes conditions et d&rsquo;analyser comment ils s&rsquo;alignent avec les formules et principes appris en classe. Cela renforce non seulement leur compr\u00e9hension, mais leur donne \u00e9galement la possibilit\u00e9 d&rsquo;explorer des probl\u00e8mes complexes sans les risques associ\u00e9s \u00e0 l&rsquo;utilisation de machines r\u00e9elles.<\/em><\/p><p><em>De plus, en combinant l\u2019AR avec des outils de fabrication additive et des \u00e9quipements techniques, les \u00e9tudiants peuvent concevoir, imprimer et tester des composants physiques, cr\u00e9ant ainsi un cycle d\u2019apprentissage complet et significatif.<\/em><\/p>\t\t\t\t\t\t\t\t<\/div>\r\n\t\t\t\t<\/div>\r\n\t\t\t\t<div class=\"elementor-element elementor-element-23ef678 elementor-widget elementor-widget-heading\" data-id=\"23ef678\" data-element_type=\"widget\" data-widget_type=\"heading.default\">\r\n\t\t\t\t<div class=\"elementor-widget-container\">\r\n\t\t\t\t\t<h2 class=\"elementor-heading-title elementor-size-default\">P: \u00bfQuels sont les avantages de l'apprentissage pratique par rapport aux m\u00e9thodes traditionnelles ?<\/h2>\t\t\t\t<\/div>\r\n\t\t\t\t<\/div>\r\n\t\t\t\t<div class=\"elementor-element elementor-element-d2c157c elementor-widget elementor-widget-text-editor\" data-id=\"d2c157c\" data-element_type=\"widget\" data-widget_type=\"text-editor.default\">\r\n\t\t\t\t<div class=\"elementor-widget-container\">\r\n\t\t\t\t\t\t\t\t\t<p><strong>Dre B\u0103il\u0103<\/strong> :<em> Les technologies comme la r\u00e9alit\u00e9 augment\u00e9e rendent l&rsquo;apprentissage beaucoup plus interactif et efficace que les m\u00e9thodes traditionnelles. En m\u00e9canique, par exemple, les \u00e9tudiants peuvent utiliser l\u2019AR pour observer en temps r\u00e9el le fonctionnement de syst\u00e8mes complexes, ce qui les aide \u00e0 comprendre visuellement et pratiquement comment les formules et th\u00e9ories apprises en classe influencent la conception et le fonctionnement des composants. Cette exp\u00e9rience immersive am\u00e9liore la r\u00e9tention des connaissances et renforce leurs comp\u00e9tences techniques.<\/em><\/p><p><em>En outre, l&rsquo;utilisation de plateformes virtuelles et de simulations permet aux \u00e9tudiants de s&rsquo;entra\u00eener avec des machines et des syst\u00e8mes de n&rsquo;importe o\u00f9, \u00e9liminant ainsi les barri\u00e8res physiques et simplifiant le processus d&rsquo;apprentissage.<\/em><\/p>\t\t\t\t\t\t\t\t<\/div>\r\n\t\t\t\t<\/div>\r\n\t\t\t\t<div class=\"elementor-element elementor-element-e3941cc elementor-widget elementor-widget-heading\" data-id=\"e3941cc\" data-element_type=\"widget\" data-widget_type=\"heading.default\">\r\n\t\t\t\t<div class=\"elementor-widget-container\">\r\n\t\t\t\t\t<h2 class=\"elementor-heading-title elementor-size-default\">AMAZE : Une r\u00e9volution dans l'enseignement technique<\/h2>\t\t\t\t<\/div>\r\n\t\t\t\t<\/div>\r\n\t\t\t\t<div class=\"elementor-element elementor-element-cd1bff4 elementor-widget elementor-widget-text-editor\" data-id=\"cd1bff4\" data-element_type=\"widget\" data-widget_type=\"text-editor.default\">\r\n\t\t\t\t<div class=\"elementor-widget-container\">\r\n\t\t\t\t\t\t\t\t\t<p>Le projet AMAZE, financ\u00e9 par Erasmus+ (\u00ab R\u00e9seau europ\u00e9en pour la fabrication additive dans la conception industrielle pour le contexte ukrainien \u00bb), incarne l&rsquo;avenir de l&rsquo;enseignement technique. En plongeant les \u00e9tudiants dans des simulations r\u00e9alistes et en leur permettant de concevoir et de tester des mod\u00e8les 3D complexes, AMAZE comble le foss\u00e9 entre la compr\u00e9hension th\u00e9orique et l&rsquo;application pratique. Cette approche globale pr\u00e9pare les \u00e9tudiants \u00e0 exceller dans les secteurs industriels, m\u00e9dicaux et de la fabrication architecturale.<\/p>\t\t\t\t\t\t\t\t<\/div>\r\n\t\t\t\t<\/div>\r\n\t\t\t\t<div class=\"elementor-element elementor-element-0e21645 elementor-widget elementor-widget-image\" data-id=\"0e21645\" data-element_type=\"widget\" data-widget_type=\"image.default\">\r\n\t\t\t\t<div class=\"elementor-widget-container\">\r\n\t\t\t\t\t\t\t\t\t\t\t\t\t\t\t<img decoding=\"async\" width=\"1024\" height=\"641\" src=\"https:\/\/blog.edibon.com\/wp-content\/uploads\/2025\/03\/IMG_20240425_124300749-1024x641.jpg\" class=\"attachment-large size-large wp-image-35259\" alt=\"\" srcset=\"https:\/\/blog.edibon.com\/wp-content\/uploads\/2025\/03\/IMG_20240425_124300749-1024x641.jpg 1024w, https:\/\/blog.edibon.com\/wp-content\/uploads\/2025\/03\/IMG_20240425_124300749-300x188.jpg 300w, https:\/\/blog.edibon.com\/wp-content\/uploads\/2025\/03\/IMG_20240425_124300749-768x480.jpg 768w, https:\/\/blog.edibon.com\/wp-content\/uploads\/2025\/03\/IMG_20240425_124300749-1536x961.jpg 1536w, https:\/\/blog.edibon.com\/wp-content\/uploads\/2025\/03\/IMG_20240425_124300749-2048x1281.jpg 2048w\" sizes=\"(max-width: 1024px) 100vw, 1024px\" \/>\t\t\t\t\t\t\t\t\t\t\t\t\t\t\t<\/div>\r\n\t\t\t\t<\/div>\r\n\t\t\t\t<div class=\"elementor-element elementor-element-039589e elementor-widget elementor-widget-heading\" data-id=\"039589e\" data-element_type=\"widget\" data-widget_type=\"heading.default\">\r\n\t\t\t\t<div class=\"elementor-widget-container\">\r\n\t\t\t\t\t<h2 class=\"elementor-heading-title elementor-size-default\">Comp\u00e9tences pour l'avenir<\/h2>\t\t\t\t<\/div>\r\n\t\t\t\t<\/div>\r\n\t\t\t\t<div class=\"elementor-element elementor-element-fa3269a elementor-widget elementor-widget-text-editor\" data-id=\"fa3269a\" data-element_type=\"widget\" data-widget_type=\"text-editor.default\">\r\n\t\t\t\t<div class=\"elementor-widget-container\">\r\n\t\t\t\t\t\t\t\t\t<p>Gr\u00e2ce \u00e0 AMAZE, les \u00e9tudiants acqui\u00e8rent un ensemble de comp\u00e9tences interdisciplinaires essentielles :<\/p><ul><li data-start=\"7883\" data-end=\"7962\"><strong data-start=\"7885\" data-end=\"7913\">Conception CAD\/CAM\/CAE :<\/strong> D\u00e9veloppement de pi\u00e8ces complexes et pr\u00e9cises.<\/li><li data-start=\"7963\" data-end=\"8074\"><strong data-start=\"7965\" data-end=\"7991\">Fabrication additive :<\/strong> Cr\u00e9ation de prototypes et de conceptions fonctionnelles gr\u00e2ce \u00e0 l&rsquo;impression 3D.<\/li><li data-start=\"8075\" data-end=\"8185\"><strong data-start=\"8077\" data-end=\"8101\">Ing\u00e9nierie inverse :<\/strong> Innovation et test d\u2019\u00e9quipements par la reconstruction de conceptions existantes.<\/li><li data-start=\"8186\" data-end=\"8292\"><strong data-start=\"8188\" data-end=\"8232\">Int\u00e9gration des mat\u00e9riaux intelligents :<\/strong> Association de l&rsquo;\u00e9lectronique avec des mat\u00e9riaux avanc\u00e9s.<\/li><li data-start=\"8293\" data-end=\"8372\"><strong data-start=\"8295\" data-end=\"8318\">Plateformes VR\/AR :<\/strong> Simulations et tests dans des environnements r\u00e9els.<\/li><\/ul><p>Ces comp\u00e9tences am\u00e9liorent non seulement l\u2019employabilit\u00e9 des \u00e9tudiants, mais les positionnent \u00e9galement comme des leaders de l\u2019innovation technologique.<\/p>\t\t\t\t\t\t\t\t<\/div>\r\n\t\t\t\t<\/div>\r\n\t\t\t\t<div class=\"elementor-element elementor-element-6d72a93 elementor-widget elementor-widget-heading\" data-id=\"6d72a93\" data-element_type=\"widget\" data-widget_type=\"heading.default\">\r\n\t\t\t\t<div class=\"elementor-widget-container\">\r\n\t\t\t\t\t<h2 class=\"elementor-heading-title elementor-size-default\">Transformer l'\u00e9ducation, un projet \u00e0 la fois<\/h2>\t\t\t\t<\/div>\r\n\t\t\t\t<\/div>\r\n\t\t\t\t<div class=\"elementor-element elementor-element-91e6b01 elementor-widget elementor-widget-text-editor\" data-id=\"91e6b01\" data-element_type=\"widget\" data-widget_type=\"text-editor.default\">\r\n\t\t\t\t<div class=\"elementor-widget-container\">\r\n\t\t\t\t\t\t\t\t\t<p>Le succ\u00e8s d&rsquo;AMAZE est \u00e9vident \u00e0 travers ses r\u00e9sultats concrets : livres \u00e9lectroniques, outils p\u00e9dagogiques, \u00e9tudes de cas et publications acad\u00e9miques, tous accessibles sur son site web officiel. Ces ressources red\u00e9finissent l&rsquo;enseignement technique en le rendant plus innovant, impactant et adapt\u00e9 aux d\u00e9fis de l&rsquo;avenir.<\/p>\t\t\t\t\t\t\t\t<\/div>\r\n\t\t\t\t<\/div>\r\n\t\t\t\t<div class=\"elementor-element elementor-element-fc8ba53 elementor-widget elementor-widget-text-editor\" data-id=\"fc8ba53\" data-element_type=\"widget\" data-widget_type=\"text-editor.default\">\r\n\t\t\t\t<div class=\"elementor-widget-container\">\r\n\t\t\t\t\t\t\t\t\t<p>La r\u00e9alit\u00e9 augment\u00e9e, combin\u00e9e \u00e0 des \u00e9quipements techniques sp\u00e9cialis\u00e9s, ne se contente pas de combler l&rsquo;\u00e9cart entre la th\u00e9orie et la pratique ; elle r\u00e9volutionne \u00e9galement la mani\u00e8re dont l&rsquo;enseignement et l&rsquo;apprentissage s&rsquo;effectuent dans des domaines tels que la m\u00e9canique. Des projets comme AMAZE mettent en lumi\u00e8re l&rsquo;impact transformateur de ces technologies, qui permettent aux \u00e9tudiants de visualiser, d&rsquo;exp\u00e9rimenter et d&rsquo;appliquer les connaissances de mani\u00e8re pratique, les pr\u00e9parant ainsi \u00e0 relever les d\u00e9fis de l&rsquo;Industrie 5.0.<\/p><p>Les contributions de la<strong> Dre B\u0103il\u0103 Diana-Irinel<\/strong> soulignent l&rsquo;importance des enseignants visionnaires dans ce processus de transformation. Son leadership illustre comment des outils et des m\u00e9thodologies innovants peuvent r\u00e9volutionner l&rsquo;apprentissage et pr\u00e9parer la prochaine g\u00e9n\u00e9ration \u00e0 b\u00e2tir un avenir meilleur.<\/p><p>Pour en savoir plus sur AMAZE et ses initiatives pionni\u00e8res, visitez le site web officiel<a href=\"http:\/\/www.amaze2023.eu\/\"> d&rsquo;AMAZE 2023.<\/a><\/p><p>\u00a0<\/p>\t\t\t\t\t\t\t\t<\/div>\r\n\t\t\t\t<\/div>\r\n\t\t\t\t<div class=\"elementor-element elementor-element-a6d692e elementor-widget elementor-widget-shortcode\" data-id=\"a6d692e\" data-element_type=\"widget\" data-widget_type=\"shortcode.default\">\r\n\t\t\t\t<div class=\"elementor-widget-container\">\r\n\t\t\t\t\t\t\t<div class=\"elementor-shortcode\"><\/div>\r\n\t\t\t\t\t\t<\/div>\r\n\t\t\t\t<\/div>\r\n\t\t\t\t\t<\/div>\r\n\t\t<\/div>\r\n\t\t\t\t\t<\/div>\r\n\t\t<\/section>\r\n\t\t\t\t<\/div>\r\n\t\t","protected":false},"excerpt":{"rendered":"<p>Dans un monde technologique en constante \u00e9volution, l&rsquo;\u00e9ducation doit suivre le rythme des avanc\u00e9es rapides qui d\u00e9finissent notre \u00e9poque. L&rsquo;\u00e9mergence de l&rsquo;Industrie 5.0 a accru la demande de solutions \u00e9ducatives innovantes, en particulier dans les domaines techniques et pratiques. Des projets comme AMAZE sont \u00e0 l&rsquo;avant-garde de cette transformation, d\u00e9montrant comment les outils et technologies &#8230; <a title=\"R\u00e9duire l&rsquo;\u00e9cart entre la th\u00e9orie et la pratique dans l&rsquo;enseignement technique\" class=\"read-more\" href=\"https:\/\/blog.edibon.com\/fr\/reduire-lecart-entre-la-theorie-et-la-pratique-dans-lenseignement-technique\/\" aria-label=\"En savoir plus sur R\u00e9duire l&rsquo;\u00e9cart entre la th\u00e9orie et la pratique dans l&rsquo;enseignement technique\">Lire la suite<\/a><\/p>\n","protected":false},"author":3,"featured_media":35269,"comment_status":"open","ping_status":"open","sticky":false,"template":"","format":"standard","meta":{"_acf_changed":false,"footnotes":""},"categories":[181],"tags":[],"class_list":["post-35312","post","type-post","status-publish","format-standard","has-post-thumbnail","hentry","category-comment-ca-fonctionne"],"acf":[],"_links":{"self":[{"href":"https:\/\/blog.edibon.com\/fr\/wp-json\/wp\/v2\/posts\/35312","targetHints":{"allow":["GET"]}}],"collection":[{"href":"https:\/\/blog.edibon.com\/fr\/wp-json\/wp\/v2\/posts"}],"about":[{"href":"https:\/\/blog.edibon.com\/fr\/wp-json\/wp\/v2\/types\/post"}],"author":[{"embeddable":true,"href":"https:\/\/blog.edibon.com\/fr\/wp-json\/wp\/v2\/users\/3"}],"replies":[{"embeddable":true,"href":"https:\/\/blog.edibon.com\/fr\/wp-json\/wp\/v2\/comments?post=35312"}],"version-history":[{"count":11,"href":"https:\/\/blog.edibon.com\/fr\/wp-json\/wp\/v2\/posts\/35312\/revisions"}],"predecessor-version":[{"id":35750,"href":"https:\/\/blog.edibon.com\/fr\/wp-json\/wp\/v2\/posts\/35312\/revisions\/35750"}],"wp:featuredmedia":[{"embeddable":true,"href":"https:\/\/blog.edibon.com\/fr\/wp-json\/wp\/v2\/media\/35269"}],"wp:attachment":[{"href":"https:\/\/blog.edibon.com\/fr\/wp-json\/wp\/v2\/media?parent=35312"}],"wp:term":[{"taxonomy":"category","embeddable":true,"href":"https:\/\/blog.edibon.com\/fr\/wp-json\/wp\/v2\/categories?post=35312"},{"taxonomy":"post_tag","embeddable":true,"href":"https:\/\/blog.edibon.com\/fr\/wp-json\/wp\/v2\/tags?post=35312"}],"curies":[{"name":"wp","href":"https:\/\/api.w.org\/{rel}","templated":true}]}}