{"id":38960,"date":"2025-12-16T10:05:57","date_gmt":"2025-12-16T10:05:57","guid":{"rendered":"https:\/\/blog.edibon.com\/?p=38960"},"modified":"2025-12-16T10:05:58","modified_gmt":"2025-12-16T10:05:58","slug":"visite-de-lies-sixto-marco-delche-espagne","status":"publish","type":"post","link":"https:\/\/blog.edibon.com\/fr\/visite-de-lies-sixto-marco-delche-espagne\/","title":{"rendered":"Visite de l\u2019IES Sixto Marco d\u2019Elche (Espagne)"},"content":{"rendered":"\t\t<div data-elementor-type=\"wp-post\" data-elementor-id=\"38960\" class=\"elementor elementor-38960 elementor-38941\" data-elementor-post-type=\"post\">\r\n\t\t\t\t\t\t<section class=\"elementor-section elementor-top-section elementor-element elementor-element-1c613c7 elementor-section-boxed elementor-section-height-default elementor-section-height-default\" data-id=\"1c613c7\" data-element_type=\"section\">\r\n\t\t\t\t\t\t<div class=\"elementor-container elementor-column-gap-default\">\r\n\t\t\t\t\t<div class=\"elementor-column elementor-col-100 elementor-top-column elementor-element elementor-element-89c4b90\" data-id=\"89c4b90\" data-element_type=\"column\">\r\n\t\t\t<div class=\"elementor-widget-wrap elementor-element-populated\">\r\n\t\t\t\t\t\t<div class=\"elementor-element elementor-element-9dec93b elementor-widget elementor-widget-text-editor\" data-id=\"9dec93b\" data-element_type=\"widget\" data-widget_type=\"text-editor.default\">\r\n\t\t\t\t<div class=\"elementor-widget-container\">\r\n\t\t\t\t\t\t\t\t\t<p>Nous avons eu le plaisir d\u2019accueillir dans nos installations un groupe d\u2019\u00e9tudiants du Cycle de Formation de Niveau Sup\u00e9rieur en Automatisation et Robotique Industrielle de l\u2019IES Sixto Marco d\u2019Elche (Espagne), dans le cadre d\u2019une journ\u00e9e de formation ax\u00e9e sur l\u2019apprentissage pratique et la technologie appliqu\u00e9e.<\/p>\n<p>Au cours de la visite, les \u00e9tudiants ont eu l\u2019occasion de d\u00e9couvrir de premi\u00e8re main notre mani\u00e8re de travailler chez EDIBON, d\u2019explorer nos \u00e9quipements d\u00e9di\u00e9s \u00e0 la formation technique et de comprendre l\u2019importance de l\u2019apprentissage pratique comme base du d\u00e9veloppement de comp\u00e9tences techniques adapt\u00e9es aux exigences de l\u2019environnement industriel r\u00e9el.<\/p>\n<p>Tout au long de la journ\u00e9e, la valeur de la combinaison entre la th\u00e9orie et l\u2019exp\u00e9rimentation a \u00e9t\u00e9 mise en \u00e9vidence, permettant aux futurs professionnels d\u2019acqu\u00e9rir une vision plus compl\u00e8te et r\u00e9aliste des processus, des syst\u00e8mes et des technologies qu\u2019ils rencontreront dans leur future carri\u00e8re professionnelle.<\/p>\n<p>Chez EDIBON, nous tenons \u00e0 remercier l\u2019IES Sixto Marco pour sa visite ainsi que pour l\u2019enthousiasme manifest\u00e9 par les \u00e9tudiants, en r\u00e9affirmant notre engagement en faveur d\u2019une formation technique de qualit\u00e9 et du d\u00e9veloppement des jeunes talents.<\/p>\n<p>Partager le savoir avec la prochaine g\u00e9n\u00e9ration de professionnels est toujours un plaisir.<\/p>\n\t\t\t\t\t\t\t\t<\/div>\r\n\t\t\t\t<\/div>\r\n\t\t\t\t<div class=\"elementor-element elementor-element-5c25521 elementor-widget elementor-widget-image\" data-id=\"5c25521\" data-element_type=\"widget\" data-widget_type=\"image.default\">\r\n\t\t\t\t<div class=\"elementor-widget-container\">\r\n\t\t\t\t\t\t\t\t\t\t\t\t\t\t\t<img fetchpriority=\"high\" decoding=\"async\" width=\"1024\" height=\"819\" src=\"https:\/\/blog.edibon.com\/wp-content\/uploads\/2025\/12\/584783058_1252859820208551_8754996615199741243_n-2-1024x819.jpg\" class=\"attachment-large size-large wp-image-38945\" alt=\"\" srcset=\"https:\/\/blog.edibon.com\/wp-content\/uploads\/2025\/12\/584783058_1252859820208551_8754996615199741243_n-2-1024x819.jpg 1024w, https:\/\/blog.edibon.com\/wp-content\/uploads\/2025\/12\/584783058_1252859820208551_8754996615199741243_n-2-300x240.jpg 300w, https:\/\/blog.edibon.com\/wp-content\/uploads\/2025\/12\/584783058_1252859820208551_8754996615199741243_n-2-768x614.jpg 768w, https:\/\/blog.edibon.com\/wp-content\/uploads\/2025\/12\/584783058_1252859820208551_8754996615199741243_n-2.jpg 1350w\" sizes=\"(max-width: 1024px) 100vw, 1024px\" \/>\t\t\t\t\t\t\t\t\t\t\t\t\t\t\t<\/div>\r\n\t\t\t\t<\/div>\r\n\t\t\t\t\t<\/div>\r\n\t\t<\/div>\r\n\t\t\t\t\t<\/div>\r\n\t\t<\/section>\r\n\t\t\t\t<\/div>\r\n\t\t","protected":false},"excerpt":{"rendered":"<p>Nous avons eu le plaisir d\u2019accueillir dans nos installations un groupe d\u2019\u00e9tudiants du Cycle de Formation de Niveau Sup\u00e9rieur en Automatisation et Robotique Industrielle de l\u2019IES Sixto Marco d\u2019Elche (Espagne), dans le cadre d\u2019une journ\u00e9e de formation ax\u00e9e sur l\u2019apprentissage pratique et la technologie appliqu\u00e9e. Au cours de la visite, les \u00e9tudiants ont eu l\u2019occasion &#8230; <a title=\"Visite de l\u2019IES Sixto Marco d\u2019Elche (Espagne)\" class=\"read-more\" href=\"https:\/\/blog.edibon.com\/fr\/visite-de-lies-sixto-marco-delche-espagne\/\" aria-label=\"En savoir plus sur Visite de l\u2019IES Sixto Marco d\u2019Elche (Espagne)\">Lire la suite<\/a><\/p>\n","protected":false},"author":1,"featured_media":38945,"comment_status":"closed","ping_status":"open","sticky":false,"template":"","format":"standard","meta":{"_acf_changed":false,"footnotes":""},"categories":[183],"tags":[],"class_list":["post-38960","post","type-post","status-publish","format-standard","has-post-thumbnail","hentry","category-evenements"],"acf":[],"_links":{"self":[{"href":"https:\/\/blog.edibon.com\/fr\/wp-json\/wp\/v2\/posts\/38960","targetHints":{"allow":["GET"]}}],"collection":[{"href":"https:\/\/blog.edibon.com\/fr\/wp-json\/wp\/v2\/posts"}],"about":[{"href":"https:\/\/blog.edibon.com\/fr\/wp-json\/wp\/v2\/types\/post"}],"author":[{"embeddable":true,"href":"https:\/\/blog.edibon.com\/fr\/wp-json\/wp\/v2\/users\/1"}],"replies":[{"embeddable":true,"href":"https:\/\/blog.edibon.com\/fr\/wp-json\/wp\/v2\/comments?post=38960"}],"version-history":[{"count":1,"href":"https:\/\/blog.edibon.com\/fr\/wp-json\/wp\/v2\/posts\/38960\/revisions"}],"predecessor-version":[{"id":38961,"href":"https:\/\/blog.edibon.com\/fr\/wp-json\/wp\/v2\/posts\/38960\/revisions\/38961"}],"wp:featuredmedia":[{"embeddable":true,"href":"https:\/\/blog.edibon.com\/fr\/wp-json\/wp\/v2\/media\/38945"}],"wp:attachment":[{"href":"https:\/\/blog.edibon.com\/fr\/wp-json\/wp\/v2\/media?parent=38960"}],"wp:term":[{"taxonomy":"category","embeddable":true,"href":"https:\/\/blog.edibon.com\/fr\/wp-json\/wp\/v2\/categories?post=38960"},{"taxonomy":"post_tag","embeddable":true,"href":"https:\/\/blog.edibon.com\/fr\/wp-json\/wp\/v2\/tags?post=38960"}],"curies":[{"name":"wp","href":"https:\/\/api.w.org\/{rel}","templated":true}]}}